{"id":100,"date":"2012-03-30T13:02:51","date_gmt":"2012-03-30T13:02:51","guid":{"rendered":"http:\/\/itecon.com.uy\/?p=100"},"modified":"2012-03-30T13:02:51","modified_gmt":"2012-03-30T13:02:51","slug":"munich-ahorra-con-la-conversion-a-linux","status":"publish","type":"post","link":"https:\/\/itecon.com.uy\/?p=100","title":{"rendered":"M\u00fcnich ahorra con la conversi\u00f3n a Linux"},"content":{"rendered":"<p>Queremos compartir esta <a href=\"http:\/\/www.elobservador.com.uy\/noticia\/221415\/el-software-libre-y-el-ahorro\/\" target=\"_blank\">nota de El Observador<\/a> donde se hace una rese\u00f1a de un proyecto que inici\u00f3 en el a\u00f1o 2003 en M\u00fcnich, Alemania.\u00a0\u00a0 Consiste en migrar todas las oficinas p\u00fablicas de esa ciudad a Linux.\u00a0\u00a0\u00a0 Para ese pr\u00f3posito se cre\u00f3 una <a href=\"http:\/\/en.wikipedia.org\/wiki\/Linux_distribution\" target=\"_blank\">distribuci\u00f3n<\/a> de Linux (<a href=\"http:\/\/www.muenchen.de\/Rathaus\/dir\/limux\/english\/index.html\" target=\"_blank\">LiMux<\/a>) espec\u00edfica para este proyecto.<\/p>\n<p>En la nota se hace hincapi\u00e9 en el ahorro realizado y los procesos que fueron necesarios para alcanzar la meta.<br \/>\nSe puede encontrar una menci\u00f3n al mismo tema en la revista <a href=\"http:\/\/www.linuxjournal.com\/content\/limux-munich-linux-migration-project-reports-success\" target=\"_blank\">Linux Journal<\/a> del mes de Enero.<\/p>\n<p>Este es otro de los tantos proyectos que se han concretado gracias al Software Libre como engranaje principal.<\/p>\n","protected":false},"excerpt":{"rendered":"<p>Queremos compartir esta nota de El Observador donde se hace una rese\u00f1a de un proyecto que inici\u00f3 en el a\u00f1o 2003 en M\u00fcnich, Alemania.\u00a0\u00a0 Consiste en migrar todas las oficinas p\u00fablicas de esa ciudad a Linux.\u00a0\u00a0\u00a0 Para ese pr\u00f3posito se cre\u00f3 una distribuci\u00f3n de Linux (LiMux) espec\u00edfica para este proyecto. En la nota se hace [&hellip;]<\/p>\n","protected":false},"author":1,"featured_media":0,"comment_status":"open","ping_status":"open","sticky":false,"template":"","format":"standard","meta":{"footnotes":""},"categories":[3],"tags":[],"class_list":["post-100","post","type-post","status-publish","format-standard","hentry","category-proyectos-en-el-mundo"],"_links":{"self":[{"href":"https:\/\/itecon.com.uy\/index.php?rest_route=\/wp\/v2\/posts\/100","targetHints":{"allow":["GET"]}}],"collection":[{"href":"https:\/\/itecon.com.uy\/index.php?rest_route=\/wp\/v2\/posts"}],"about":[{"href":"https:\/\/itecon.com.uy\/index.php?rest_route=\/wp\/v2\/types\/post"}],"author":[{"embeddable":true,"href":"https:\/\/itecon.com.uy\/index.php?rest_route=\/wp\/v2\/users\/1"}],"replies":[{"embeddable":true,"href":"https:\/\/itecon.com.uy\/index.php?rest_route=%2Fwp%2Fv2%2Fcomments&post=100"}],"version-history":[{"count":0,"href":"https:\/\/itecon.com.uy\/index.php?rest_route=\/wp\/v2\/posts\/100\/revisions"}],"wp:attachment":[{"href":"https:\/\/itecon.com.uy\/index.php?rest_route=%2Fwp%2Fv2%2Fmedia&parent=100"}],"wp:term":[{"taxonomy":"category","embeddable":true,"href":"https:\/\/itecon.com.uy\/index.php?rest_route=%2Fwp%2Fv2%2Fcategories&post=100"},{"taxonomy":"post_tag","embeddable":true,"href":"https:\/\/itecon.com.uy\/index.php?rest_route=%2Fwp%2Fv2%2Ftags&post=100"}],"curies":[{"name":"wp","href":"https:\/\/api.w.org\/{rel}","templated":true}]}}